{"id":34527,"date":"2024-09-13T15:17:31","date_gmt":"2024-09-13T15:17:31","guid":{"rendered":"\/tutoriels\/?p=34527"},"modified":"2024-11-01T10:02:39","modified_gmt":"2024-11-01T10:02:39","slug":"salaries-et-vendredi-au-travail","status":"publish","type":"post","link":"\/fr\/tutoriels\/salaries-et-vendredi-au-travail","title":{"rendered":"Les salari\u00e9s et le vendredi au travail : c\u2019est d\u00e9j\u00e0 le week-end ?"},"content":{"rendered":"<p>&laquo; <em>Comment &ccedil;a va ?<\/em> &raquo;&nbsp;<\/p><p>&laquo; <em>Comme un vendredi ! <\/em>&raquo;<\/p><p>Chaque fin de semaine au bureau, ce court dialogue ouvre la journ&eacute;e de millions de salari&eacute;s. Ces quelques mots en disent long sur le plaisir, voire le soulagement, d&rsquo;apercevoir le week-end, synonyme pour la plupart de d&eacute;tente, de repos et de libert&eacute;.&nbsp;&nbsp;<\/p><p>&Agrave; l&rsquo;heure des RTT, du t&eacute;l&eacute;travail largement d&eacute;mocratis&eacute; depuis la crise sanitaire de la COVID-19 ou encore de l&rsquo;int&eacute;r&ecirc;t port&eacute; aujourd&rsquo;hui &agrave; la semaine en 4 jours, comment les salari&eacute;s vivent-ils r&eacute;ellement cette journ&eacute;e charni&egrave;re ? Travaillent-ils autant que les autres jours ?&nbsp; Sont-ils plus d&eacute;tendus ? Reportent-ils au lundi des t&acirc;ches qu&rsquo;ils auraient pu accomplir en fin de semaine ? Quelles initiatives pourraient rendre leurs vendredis au bureau plus attractifs ?<\/p><p>Afin de r&eacute;pondre &agrave; ces questions, Hostinger a confi&eacute; &agrave; l&rsquo;organisme sp&eacute;cialis&eacute; dans les statistiques FLASHS le soin d&rsquo;interroger 1 000 salari&eacute;es et salari&eacute;s sur leur perception du vendredi.<\/p><p>Leurs r&eacute;ponses apportent un &eacute;clairage in&eacute;dit sur la mani&egrave;re dont ils appr&eacute;hendent la derni&egrave;re journ&eacute;e ouvr&eacute;e de la semaine, et mettent notamment en lumi&egrave;re d&rsquo;importantes disparit&eacute;s g&eacute;n&eacute;rationnelles. <\/p><p>En effet, sous bien des aspects, les plus jeunes vivent leurs vendredis au travail de mani&egrave;re plus distanci&eacute;e et rel&acirc;ch&eacute;e que leurs a&icirc;n&eacute;s, t&eacute;moignage suppl&eacute;mentaire d&rsquo;un rapport au travail et &agrave; l&rsquo;&eacute;quilibre vie-professionnelle\/vie personnelle en pleine &eacute;volution.<\/p><h2 class=\"wp-block-heading\" id=\"h-la-moitie-des-salaries-vont-systematiquement-au-bureau-le-vendredi\"><strong>La moiti&eacute; des salari&eacute;s vont syst&eacute;matiquement au bureau le vendredi<\/strong><\/h2><div class=\"wp-block-image\">\n<figure data-wp-context='{\"imageId\":\"69efe63dd6885\"}' data-wp-interactive=\"core\/image\" class=\"aligncenter size-large wp-lightbox-container\"><img decoding=\"async\" width=\"1024\" height=\"587\" data-wp-class--hide=\"state.isContentHidden\" data-wp-class--show=\"state.isContentVisible\" data-wp-init=\"callbacks.setButtonStyles\" data-wp-on-async--click=\"actions.showLightbox\" data-wp-on-async--load=\"callbacks.setButtonStyles\" data-wp-on-async-window--resize=\"callbacks.setButtonStyles\" src=\"https:\/\/imagedelivery.net\/LqiWLm-3MGbYHtFuUbcBtA\/wp-content\/uploads\/sites\/46\/2024\/09\/1-FLASHS-study-for-HOSTINGER.fr_.png\/public\" alt=\"Infographie montrant que 51% des salari&eacute;s se rendent syst&eacute;matiquement au bureau le vendredi\" class=\"wp-image-34530\" srcset=\"https:\/\/imagedelivery.net\/LqiWLm-3MGbYHtFuUbcBtA\/wp-content\/uploads\/sites\/46\/2024\/09\/1-FLASHS-study-for-HOSTINGER.fr_.png\/w=1024,fit=scale-down 1024w, https:\/\/imagedelivery.net\/LqiWLm-3MGbYHtFuUbcBtA\/wp-content\/uploads\/sites\/46\/2024\/09\/1-FLASHS-study-for-HOSTINGER.fr_.png\/w=300,fit=scale-down 300w, https:\/\/imagedelivery.net\/LqiWLm-3MGbYHtFuUbcBtA\/wp-content\/uploads\/sites\/46\/2024\/09\/1-FLASHS-study-for-HOSTINGER.fr_.png\/w=150,fit=scale-down 150w, https:\/\/imagedelivery.net\/LqiWLm-3MGbYHtFuUbcBtA\/wp-content\/uploads\/sites\/46\/2024\/09\/1-FLASHS-study-for-HOSTINGER.fr_.png\/w=768,fit=scale-down 768w\" sizes=\"(max-width: 1024px) 100vw, 1024px\" \/><button class=\"lightbox-trigger\" type=\"button\" aria-haspopup=\"dialog\" aria-label=\"Agrandir\" data-wp-init=\"callbacks.initTriggerButton\" data-wp-on-async--click=\"actions.showLightbox\" data-wp-style--right=\"state.imageButtonRight\" data-wp-style--top=\"state.imageButtonTop\">\n\t\t\t<svg xmlns=\"http:\/\/www.w3.org\/2000\/svg\" width=\"12\" height=\"12\" fill=\"none\" viewbox=\"0 0 12 12\">\n\t\t\t\t<path fill=\"#fff\" d=\"M2 0a2 2 0 0 0-2 2v2h1.5V2a.5.5 0 0 1 .5-.5h2V0H2Zm2 10.5H2a.5.5 0 0 1-.5-.5V8H0v2a2 2 0 0 0 2 2h2v-1.5ZM8 12v-1.5h2a.5.5 0 0 0 .5-.5V8H12v2a2 2 0 0 1-2 2H8Zm2-12a2 2 0 0 1 2 2v2h-1.5V2a.5.5 0 0 0-.5-.5H8V0h2Z\"><\/path>\n\t\t\t<\/svg>\n\t\t<\/button><\/figure><\/div><p>&Agrave; peine plus de la moiti&eacute; des salari&eacute;s (51%) se rendent syst&eacute;matiquement au bureau le vendredi. En ajoutant celles et ceux qui disent y aller la plupart du temps, soit 27% des r&eacute;pondants, ce sont pr&egrave;s de 8 salari&eacute;s sur 10 qui sont tr&egrave;s r&eacute;guli&egrave;rement pr&eacute;sents sur leur lieu de travail le dernier jour ouvr&eacute; de la semaine. <\/p><p>En l&rsquo;esp&egrave;ce, les femmes sont plus nombreuses que les hommes &agrave; d&eacute;clarer qu&rsquo;elles s&rsquo;y rendent toujours (55% contre 46%). <strong>Selon les &acirc;ges, les proportions varient &eacute;galement : 59% des 50-64 ans sont dans ce cas contre une minorit&eacute; chez les 25-34 ans (46%) et les 35-49 ans (47%). <\/strong><\/p><p>Quelque 14% des salari&eacute;s ne vont jamais au bureau le vendredi, soit parce qu&rsquo;ils sont en t&eacute;l&eacute;travail (11%), soit parce qu&rsquo;ils ne travaillent jamais ce jour-l&agrave; (3%).<\/p><h2 class=\"wp-block-heading\" id=\"h-une-journee-jugee-plus-detendue-surtout-par-les-jeunes\"><strong>Une journ&eacute;e jug&eacute;e plus d&eacute;tendue, surtout par les jeunes<\/strong><\/h2><div class=\"wp-block-image\">\n<figure data-wp-context='{\"imageId\":\"69efe63dd776d\"}' data-wp-interactive=\"core\/image\" class=\"aligncenter size-large wp-lightbox-container\"><img decoding=\"async\" width=\"1024\" height=\"555\" data-wp-class--hide=\"state.isContentHidden\" data-wp-class--show=\"state.isContentVisible\" data-wp-init=\"callbacks.setButtonStyles\" data-wp-on-async--click=\"actions.showLightbox\" data-wp-on-async--load=\"callbacks.setButtonStyles\" data-wp-on-async-window--resize=\"callbacks.setButtonStyles\" src=\"https:\/\/imagedelivery.net\/LqiWLm-3MGbYHtFuUbcBtA\/wp-content\/uploads\/sites\/46\/2024\/09\/2-FLASHS-study-for-HOSTINGER.fr_.png\/public\" alt=\"Infographie montrant que 50% des salari&eacute;s per&ccedil;oivent le vendredi comme une journ&eacute;e plus d&eacute;tendue, avec une majorit&eacute; chez les 18-34 ans\" class=\"wp-image-34531\" srcset=\"https:\/\/imagedelivery.net\/LqiWLm-3MGbYHtFuUbcBtA\/wp-content\/uploads\/sites\/46\/2024\/09\/2-FLASHS-study-for-HOSTINGER.fr_.png\/w=1024,fit=scale-down 1024w, https:\/\/imagedelivery.net\/LqiWLm-3MGbYHtFuUbcBtA\/wp-content\/uploads\/sites\/46\/2024\/09\/2-FLASHS-study-for-HOSTINGER.fr_.png\/w=300,fit=scale-down 300w, https:\/\/imagedelivery.net\/LqiWLm-3MGbYHtFuUbcBtA\/wp-content\/uploads\/sites\/46\/2024\/09\/2-FLASHS-study-for-HOSTINGER.fr_.png\/w=150,fit=scale-down 150w, https:\/\/imagedelivery.net\/LqiWLm-3MGbYHtFuUbcBtA\/wp-content\/uploads\/sites\/46\/2024\/09\/2-FLASHS-study-for-HOSTINGER.fr_.png\/w=768,fit=scale-down 768w\" sizes=\"(max-width: 1024px) 100vw, 1024px\" \/><button class=\"lightbox-trigger\" type=\"button\" aria-haspopup=\"dialog\" aria-label=\"Agrandir\" data-wp-init=\"callbacks.initTriggerButton\" data-wp-on-async--click=\"actions.showLightbox\" data-wp-style--right=\"state.imageButtonRight\" data-wp-style--top=\"state.imageButtonTop\">\n\t\t\t<svg xmlns=\"http:\/\/www.w3.org\/2000\/svg\" width=\"12\" height=\"12\" fill=\"none\" viewbox=\"0 0 12 12\">\n\t\t\t\t<path fill=\"#fff\" d=\"M2 0a2 2 0 0 0-2 2v2h1.5V2a.5.5 0 0 1 .5-.5h2V0H2Zm2 10.5H2a.5.5 0 0 1-.5-.5V8H0v2a2 2 0 0 0 2 2h2v-1.5ZM8 12v-1.5h2a.5.5 0 0 0 .5-.5V8H12v2a2 2 0 0 1-2 2H8Zm2-12a2 2 0 0 1 2 2v2h-1.5V2a.5.5 0 0 0-.5-.5H8V0h2Z\"><\/path>\n\t\t\t<\/svg>\n\t\t<\/button><\/figure><\/div><p>Si elle n&rsquo;est pas usurp&eacute;e, la r&eacute;putation d&rsquo;une forme de l&acirc;cher prise le vendredi n&rsquo;est toutefois ressentie que par la moiti&eacute; (50%) des personnes interrog&eacute;es dans cette &eacute;tude, qui voient cette journ&eacute;e de travail comme plus d&eacute;tendue que les autres. Pour plus du tiers d&rsquo;entre elles (35%), c&rsquo;est tout simplement un jour classique de la semaine, quand 15% constatent au contraire que leurs vendredis sont moins d&eacute;tendus.<\/p><p><strong>Les salari&eacute;s les plus jeunes sont les plus nombreux &agrave; consid&eacute;rer que le vendredi est une journ&eacute;e plus d&eacute;tendue que les autres<\/strong>. 56% des 18-24 ans et 61% des 25-34 ans sont effectivement dans ce cas.&nbsp; En revanche, moins de la moiti&eacute; (43%) de leurs a&icirc;n&eacute;s &acirc;g&eacute;s de plus de 50 ans, attach&eacute;s &agrave; une vision plus traditionnelle, font &eacute;tat de ce m&ecirc;me sentiment.<\/p><h2 class=\"wp-block-heading\" id=\"h-28-des-salaries-travaillent-moins-le-vendredi\"><strong>28% des salari&eacute;s travaillent moins le vendredi<\/strong><\/h2><div class=\"wp-block-image\">\n<figure data-wp-context='{\"imageId\":\"69efe63dd84b8\"}' data-wp-interactive=\"core\/image\" class=\"aligncenter size-large wp-lightbox-container\"><img decoding=\"async\" width=\"1024\" height=\"555\" data-wp-class--hide=\"state.isContentHidden\" data-wp-class--show=\"state.isContentVisible\" data-wp-init=\"callbacks.setButtonStyles\" data-wp-on-async--click=\"actions.showLightbox\" data-wp-on-async--load=\"callbacks.setButtonStyles\" data-wp-on-async-window--resize=\"callbacks.setButtonStyles\" src=\"https:\/\/imagedelivery.net\/LqiWLm-3MGbYHtFuUbcBtA\/wp-content\/uploads\/sites\/46\/2024\/09\/3-FLASHS-study-for-HOSTINGER.fr_.png\/public\" alt=\"Infographie indiquant que 28% des salari&eacute;s travaillent moins le vendredi, tandis que 63% disent travailler autant et 9% davantage\" class=\"wp-image-34532\" srcset=\"https:\/\/imagedelivery.net\/LqiWLm-3MGbYHtFuUbcBtA\/wp-content\/uploads\/sites\/46\/2024\/09\/3-FLASHS-study-for-HOSTINGER.fr_.png\/w=1024,fit=scale-down 1024w, https:\/\/imagedelivery.net\/LqiWLm-3MGbYHtFuUbcBtA\/wp-content\/uploads\/sites\/46\/2024\/09\/3-FLASHS-study-for-HOSTINGER.fr_.png\/w=300,fit=scale-down 300w, https:\/\/imagedelivery.net\/LqiWLm-3MGbYHtFuUbcBtA\/wp-content\/uploads\/sites\/46\/2024\/09\/3-FLASHS-study-for-HOSTINGER.fr_.png\/w=150,fit=scale-down 150w, https:\/\/imagedelivery.net\/LqiWLm-3MGbYHtFuUbcBtA\/wp-content\/uploads\/sites\/46\/2024\/09\/3-FLASHS-study-for-HOSTINGER.fr_.png\/w=768,fit=scale-down 768w\" sizes=\"(max-width: 1024px) 100vw, 1024px\" \/><button class=\"lightbox-trigger\" type=\"button\" aria-haspopup=\"dialog\" aria-label=\"Agrandir\" data-wp-init=\"callbacks.initTriggerButton\" data-wp-on-async--click=\"actions.showLightbox\" data-wp-style--right=\"state.imageButtonRight\" data-wp-style--top=\"state.imageButtonTop\">\n\t\t\t<svg xmlns=\"http:\/\/www.w3.org\/2000\/svg\" width=\"12\" height=\"12\" fill=\"none\" viewbox=\"0 0 12 12\">\n\t\t\t\t<path fill=\"#fff\" d=\"M2 0a2 2 0 0 0-2 2v2h1.5V2a.5.5 0 0 1 .5-.5h2V0H2Zm2 10.5H2a.5.5 0 0 1-.5-.5V8H0v2a2 2 0 0 0 2 2h2v-1.5ZM8 12v-1.5h2a.5.5 0 0 0 .5-.5V8H12v2a2 2 0 0 1-2 2H8Zm2-12a2 2 0 0 1 2 2v2h-1.5V2a.5.5 0 0 0-.5-.5H8V0h2Z\"><\/path>\n\t\t\t<\/svg>\n\t\t<\/button><\/figure><\/div><p>Si la moiti&eacute; des salari&eacute;s sont d&rsquo;avis que le vendredi est plus d&eacute;tendu que les autres jours, cela ne signifie pas pour autant qu&rsquo;ils travaillent tous moins. En effet, ils ne sont que 28% &agrave; le dire contre plus de 6 sur 10 (63%) qui affirment travailler autant. <strong>Pour 9% des r&eacute;pondants, le vendredi appara&icirc;t m&ecirc;me comme un jour o&ugrave; la charge de travail est plus importante.<\/strong><\/p><p>L&agrave; encore, d&rsquo;importantes disparit&eacute;s apparaissent selon l&rsquo;&acirc;ge des personnes interrog&eacute;es : les plus jeunes, ceux qui d&eacute;clarent comme on l&rsquo;a vu que le vendredi est plus d&eacute;tendu, sont aussi ceux qui disent moins travailler ce jour-l&agrave; : 35% des 18-24 ans adh&egrave;rent &agrave; cette proposition, soit deux fois plus que les plus de 50 ans (17%).<\/p><h2 class=\"wp-block-heading\" id=\"h-on-verra-ca-lundi\"><strong>On verra &ccedil;a lundi&hellip;<\/strong><\/h2><div class=\"wp-block-image\">\n<figure data-wp-context='{\"imageId\":\"69efe63dd9313\"}' data-wp-interactive=\"core\/image\" class=\"aligncenter size-large wp-lightbox-container\"><img decoding=\"async\" width=\"1024\" height=\"546\" data-wp-class--hide=\"state.isContentHidden\" data-wp-class--show=\"state.isContentVisible\" data-wp-init=\"callbacks.setButtonStyles\" data-wp-on-async--click=\"actions.showLightbox\" data-wp-on-async--load=\"callbacks.setButtonStyles\" data-wp-on-async-window--resize=\"callbacks.setButtonStyles\" src=\"https:\/\/imagedelivery.net\/LqiWLm-3MGbYHtFuUbcBtA\/wp-content\/uploads\/sites\/46\/2024\/09\/4-FLASHS-study-for-HOSTINGER.fr_.png\/public\" alt=\"Infographie montrant que 67% des salari&eacute;s reportent parfois des t&acirc;ches au lundi, avec une tendance plus marqu&eacute;e chez les jeunes g&eacute;n&eacute;rations\" class=\"wp-image-34533\" srcset=\"https:\/\/imagedelivery.net\/LqiWLm-3MGbYHtFuUbcBtA\/wp-content\/uploads\/sites\/46\/2024\/09\/4-FLASHS-study-for-HOSTINGER.fr_.png\/w=1024,fit=scale-down 1024w, https:\/\/imagedelivery.net\/LqiWLm-3MGbYHtFuUbcBtA\/wp-content\/uploads\/sites\/46\/2024\/09\/4-FLASHS-study-for-HOSTINGER.fr_.png\/w=300,fit=scale-down 300w, https:\/\/imagedelivery.net\/LqiWLm-3MGbYHtFuUbcBtA\/wp-content\/uploads\/sites\/46\/2024\/09\/4-FLASHS-study-for-HOSTINGER.fr_.png\/w=150,fit=scale-down 150w, https:\/\/imagedelivery.net\/LqiWLm-3MGbYHtFuUbcBtA\/wp-content\/uploads\/sites\/46\/2024\/09\/4-FLASHS-study-for-HOSTINGER.fr_.png\/w=768,fit=scale-down 768w\" sizes=\"(max-width: 1024px) 100vw, 1024px\" \/><button class=\"lightbox-trigger\" type=\"button\" aria-haspopup=\"dialog\" aria-label=\"Agrandir\" data-wp-init=\"callbacks.initTriggerButton\" data-wp-on-async--click=\"actions.showLightbox\" data-wp-style--right=\"state.imageButtonRight\" data-wp-style--top=\"state.imageButtonTop\">\n\t\t\t<svg xmlns=\"http:\/\/www.w3.org\/2000\/svg\" width=\"12\" height=\"12\" fill=\"none\" viewbox=\"0 0 12 12\">\n\t\t\t\t<path fill=\"#fff\" d=\"M2 0a2 2 0 0 0-2 2v2h1.5V2a.5.5 0 0 1 .5-.5h2V0H2Zm2 10.5H2a.5.5 0 0 1-.5-.5V8H0v2a2 2 0 0 0 2 2h2v-1.5ZM8 12v-1.5h2a.5.5 0 0 0 .5-.5V8H12v2a2 2 0 0 1-2 2H8Zm2-12a2 2 0 0 1 2 2v2h-1.5V2a.5.5 0 0 0-.5-.5H8V0h2Z\"><\/path>\n\t\t\t<\/svg>\n\t\t<\/button><\/figure><\/div><p>Lorsqu&rsquo;arrive la fin de semaine, est-on tent&eacute; de laisser de c&ocirc;t&eacute; une t&acirc;che, un dossier pour y consacrer du temps le lundi suivant ? Selon une&nbsp;<a href=\"https:\/\/www.hostinger.com\/fr\/tutoriels\/procrastination-dirigeants-entreprises\" target=\"_blank\" rel=\"noreferrer noopener\">&eacute;tude de Hostinger sur la procrastination<\/a>, 67% des dirigeants reportent parfois des t&acirc;ches au lundi, une tendance qui refl&egrave;te des comportements similaires chez les salari&eacute;s. <\/p><p>Si les deux tiers (67%) des salari&eacute;s r&eacute;pondent oui, une large majorit&eacute; d&rsquo;entre eux (43%) pr&eacute;cise que cela leur arrive rarement<strong>. Ils sont tout de m&ecirc;me pr&egrave;s d&rsquo;un quart (24%) &agrave; reporter syst&eacute;matiquement ou la plupart du temps au d&eacute;but de semaine une t&acirc;che qu&rsquo;ils auraient pu effectuer le vendredi.<\/strong><\/p><p>La relation plus souple des jeunes g&eacute;n&eacute;rations au travail le vendredi se confirme &agrave; nouveau au regard des r&eacute;ponses apport&eacute;es &agrave; cette question. En effet, 33% des 18-24 ans et 38% des 25-34 ans d&eacute;calent tout le temps ou la plupart du temps des t&acirc;ches du vendredi au lundi, une pratique &agrave; laquelle n&rsquo;adh&egrave;rent que 13% des plus de 50 ans.<\/p><h2 class=\"wp-block-heading\" id=\"h-malades-imaginaires\"><strong>Malades imaginaires<\/strong><\/h2><div class=\"wp-block-image\">\n<figure data-wp-context='{\"imageId\":\"69efe63dd9f1c\"}' data-wp-interactive=\"core\/image\" class=\"aligncenter size-large wp-lightbox-container\"><img decoding=\"async\" width=\"1024\" height=\"554\" data-wp-class--hide=\"state.isContentHidden\" data-wp-class--show=\"state.isContentVisible\" data-wp-init=\"callbacks.setButtonStyles\" data-wp-on-async--click=\"actions.showLightbox\" data-wp-on-async--load=\"callbacks.setButtonStyles\" data-wp-on-async-window--resize=\"callbacks.setButtonStyles\" src=\"https:\/\/imagedelivery.net\/LqiWLm-3MGbYHtFuUbcBtA\/wp-content\/uploads\/sites\/46\/2024\/09\/5-FLASHS-study-for-HOSTINGER.fr_.png\/public\" alt=\"Infographie indiquant que 18% des salari&eacute;s ont d&eacute;j&agrave; pris un arr&ecirc;t maladie fictif pour &eacute;viter de travailler un vendredi\" class=\"wp-image-34534\" srcset=\"https:\/\/imagedelivery.net\/LqiWLm-3MGbYHtFuUbcBtA\/wp-content\/uploads\/sites\/46\/2024\/09\/5-FLASHS-study-for-HOSTINGER.fr_.png\/w=1024,fit=scale-down 1024w, https:\/\/imagedelivery.net\/LqiWLm-3MGbYHtFuUbcBtA\/wp-content\/uploads\/sites\/46\/2024\/09\/5-FLASHS-study-for-HOSTINGER.fr_.png\/w=300,fit=scale-down 300w, https:\/\/imagedelivery.net\/LqiWLm-3MGbYHtFuUbcBtA\/wp-content\/uploads\/sites\/46\/2024\/09\/5-FLASHS-study-for-HOSTINGER.fr_.png\/w=150,fit=scale-down 150w, https:\/\/imagedelivery.net\/LqiWLm-3MGbYHtFuUbcBtA\/wp-content\/uploads\/sites\/46\/2024\/09\/5-FLASHS-study-for-HOSTINGER.fr_.png\/w=768,fit=scale-down 768w\" sizes=\"(max-width: 1024px) 100vw, 1024px\" \/><button class=\"lightbox-trigger\" type=\"button\" aria-haspopup=\"dialog\" aria-label=\"Agrandir\" data-wp-init=\"callbacks.initTriggerButton\" data-wp-on-async--click=\"actions.showLightbox\" data-wp-style--right=\"state.imageButtonRight\" data-wp-style--top=\"state.imageButtonTop\">\n\t\t\t<svg xmlns=\"http:\/\/www.w3.org\/2000\/svg\" width=\"12\" height=\"12\" fill=\"none\" viewbox=\"0 0 12 12\">\n\t\t\t\t<path fill=\"#fff\" d=\"M2 0a2 2 0 0 0-2 2v2h1.5V2a.5.5 0 0 1 .5-.5h2V0H2Zm2 10.5H2a.5.5 0 0 1-.5-.5V8H0v2a2 2 0 0 0 2 2h2v-1.5ZM8 12v-1.5h2a.5.5 0 0 0 .5-.5V8H12v2a2 2 0 0 1-2 2H8Zm2-12a2 2 0 0 1 2 2v2h-1.5V2a.5.5 0 0 0-.5-.5H8V0h2Z\"><\/path>\n\t\t\t<\/svg>\n\t\t<\/button><\/figure><\/div><p>Qui n&rsquo;a jamais song&eacute; &agrave; rallonger son week-end au dernier moment ? Mais il est g&eacute;n&eacute;ralement difficile de poser un jour de cong&eacute; en urgence ou de s&rsquo;absenter sans excuse valable. Dans ce cas, l&rsquo;arr&ecirc;t maladie de circonstance peut &ecirc;tre une solution. <strong>Une pratique &agrave; laquelle pr&egrave;s d&rsquo;1 salari&eacute; sur 5 (18%) a d&eacute;j&agrave; eu recours pour ne pas venir au travail un vendredi.<\/strong><\/p><p>En l&rsquo;esp&egrave;ce, les hommes (21%) sont plus nombreux que les femmes (15%) &agrave; avoir obtenu un certificat m&eacute;dical alors qu&rsquo;ils n&rsquo;&eacute;taient pas malades. Les jeunes en sont &eacute;galement largement plus adeptes que les seniors : 33% des 18-24 ans et 23% des 25-34 ans ont &eacute;t&eacute; dans ce cas contre seulement 6% des 50-64 ans. Par ailleurs, les salari&eacute;s c&eacute;libataires simulent plus souvent &ecirc;tre souffrants que leurs coll&egrave;gues mari&eacute;s ou pacs&eacute;s (25% contre 15%).<\/p><h2 class=\"wp-block-heading\" id=\"h-des-attentes-plus-ou-moins-prises-en-compte\"><strong>Des attentes plus ou moins prises en compte<\/strong><\/h2><div class=\"wp-block-image\">\n<figure data-wp-context='{\"imageId\":\"69efe63ddabeb\"}' data-wp-interactive=\"core\/image\" class=\"aligncenter size-large wp-lightbox-container\"><img decoding=\"async\" width=\"1024\" height=\"543\" data-wp-class--hide=\"state.isContentHidden\" data-wp-class--show=\"state.isContentVisible\" data-wp-init=\"callbacks.setButtonStyles\" data-wp-on-async--click=\"actions.showLightbox\" data-wp-on-async--load=\"callbacks.setButtonStyles\" data-wp-on-async-window--resize=\"callbacks.setButtonStyles\" src=\"https:\/\/imagedelivery.net\/LqiWLm-3MGbYHtFuUbcBtA\/wp-content\/uploads\/sites\/46\/2024\/09\/6-FLASHS-study-for-HOSTINGER.fr_.png\/public\" alt=\"Infographie montrant que 69% des salari&eacute;s estiment que leurs attentes concernant le travail le vendredi sont prises en compte\" class=\"wp-image-34535\" srcset=\"https:\/\/imagedelivery.net\/LqiWLm-3MGbYHtFuUbcBtA\/wp-content\/uploads\/sites\/46\/2024\/09\/6-FLASHS-study-for-HOSTINGER.fr_.png\/w=1024,fit=scale-down 1024w, https:\/\/imagedelivery.net\/LqiWLm-3MGbYHtFuUbcBtA\/wp-content\/uploads\/sites\/46\/2024\/09\/6-FLASHS-study-for-HOSTINGER.fr_.png\/w=300,fit=scale-down 300w, https:\/\/imagedelivery.net\/LqiWLm-3MGbYHtFuUbcBtA\/wp-content\/uploads\/sites\/46\/2024\/09\/6-FLASHS-study-for-HOSTINGER.fr_.png\/w=150,fit=scale-down 150w, https:\/\/imagedelivery.net\/LqiWLm-3MGbYHtFuUbcBtA\/wp-content\/uploads\/sites\/46\/2024\/09\/6-FLASHS-study-for-HOSTINGER.fr_.png\/w=768,fit=scale-down 768w\" sizes=\"(max-width: 1024px) 100vw, 1024px\" \/><button class=\"lightbox-trigger\" type=\"button\" aria-haspopup=\"dialog\" aria-label=\"Agrandir\" data-wp-init=\"callbacks.initTriggerButton\" data-wp-on-async--click=\"actions.showLightbox\" data-wp-style--right=\"state.imageButtonRight\" data-wp-style--top=\"state.imageButtonTop\">\n\t\t\t<svg xmlns=\"http:\/\/www.w3.org\/2000\/svg\" width=\"12\" height=\"12\" fill=\"none\" viewbox=\"0 0 12 12\">\n\t\t\t\t<path fill=\"#fff\" d=\"M2 0a2 2 0 0 0-2 2v2h1.5V2a.5.5 0 0 1 .5-.5h2V0H2Zm2 10.5H2a.5.5 0 0 1-.5-.5V8H0v2a2 2 0 0 0 2 2h2v-1.5ZM8 12v-1.5h2a.5.5 0 0 0 .5-.5V8H12v2a2 2 0 0 1-2 2H8Zm2-12a2 2 0 0 1 2 2v2h-1.5V2a.5.5 0 0 0-.5-.5H8V0h2Z\"><\/path>\n\t\t\t<\/svg>\n\t\t<\/button><\/figure><\/div><p>On l&rsquo;a vu, tout juste la moiti&eacute; des personnes interrog&eacute;es se rendent physiquement au travail le vendredi, ce qui suppose divers am&eacute;nagements dans l&rsquo;emploi du temps des autres (semaine de 4 jours, t&eacute;l&eacute;travail, temps partiel&hellip;). Mais en l&rsquo;occurrence, les attentes des salari&eacute;s vis-&agrave;-vis de l&rsquo;organisation du travail le vendredi sont-elles prises en compte par leur hi&eacute;rarchie ? <\/p><p>S&rsquo;ils r&eacute;pondent globalement oui (69%), le d&eacute;tail des r&eacute;sultats apporte des nuances prononc&eacute;es. Ainsi, moins de la moiti&eacute; (48%) disent qu&rsquo;elles sont compl&egrave;tement (16%) ou en grande partie (32%) reconnues.<\/p><p><strong>Les femmes sont celles qui se sentent les moins &eacute;cout&eacute;es dans la mesure o&ugrave; 35% d&rsquo;entre elles estiment que leurs attentes sont ignor&eacute;es, un avis partag&eacute; par 27% des hommes<\/strong>.&nbsp; Et c&rsquo;est dans les grandes entreprises que les aspirations des salari&eacute;s concernant le vendredi semblent n&eacute;glig&eacute;es : 37% des employ&eacute;s de soci&eacute;t&eacute;s de plus de 5 000 salari&eacute;s le ressentent contre 32% dans les Tr&egrave;s Petites Entreprises (TPE), 29% dans les Petites et Moyennes Entreprises et 28% dans les Entreprises de Taille Interm&eacute;diaire (ETI).<\/p><h2 class=\"wp-block-heading\" id=\"h-partir-plus-tot-une-initiative-seduisante\"><strong>Partir plus t&ocirc;t, une initiative s&eacute;duisante<\/strong><\/h2><div class=\"wp-block-image\">\n<figure data-wp-context='{\"imageId\":\"69efe63ddb7d2\"}' data-wp-interactive=\"core\/image\" class=\"aligncenter size-large wp-lightbox-container\"><img decoding=\"async\" width=\"1024\" height=\"560\" data-wp-class--hide=\"state.isContentHidden\" data-wp-class--show=\"state.isContentVisible\" data-wp-init=\"callbacks.setButtonStyles\" data-wp-on-async--click=\"actions.showLightbox\" data-wp-on-async--load=\"callbacks.setButtonStyles\" data-wp-on-async-window--resize=\"callbacks.setButtonStyles\" src=\"https:\/\/imagedelivery.net\/LqiWLm-3MGbYHtFuUbcBtA\/wp-content\/uploads\/sites\/46\/2024\/09\/7-FLASHS-study-for-HOSTINGER.fr_.png\/public\" alt=\"Infographie montrant que 37% des salari&eacute;s souhaitent partir plus t&ocirc;t le vendredi\" class=\"wp-image-34536\" srcset=\"https:\/\/imagedelivery.net\/LqiWLm-3MGbYHtFuUbcBtA\/wp-content\/uploads\/sites\/46\/2024\/09\/7-FLASHS-study-for-HOSTINGER.fr_.png\/w=1024,fit=scale-down 1024w, https:\/\/imagedelivery.net\/LqiWLm-3MGbYHtFuUbcBtA\/wp-content\/uploads\/sites\/46\/2024\/09\/7-FLASHS-study-for-HOSTINGER.fr_.png\/w=300,fit=scale-down 300w, https:\/\/imagedelivery.net\/LqiWLm-3MGbYHtFuUbcBtA\/wp-content\/uploads\/sites\/46\/2024\/09\/7-FLASHS-study-for-HOSTINGER.fr_.png\/w=150,fit=scale-down 150w, https:\/\/imagedelivery.net\/LqiWLm-3MGbYHtFuUbcBtA\/wp-content\/uploads\/sites\/46\/2024\/09\/7-FLASHS-study-for-HOSTINGER.fr_.png\/w=768,fit=scale-down 768w\" sizes=\"(max-width: 1024px) 100vw, 1024px\" \/><button class=\"lightbox-trigger\" type=\"button\" aria-haspopup=\"dialog\" aria-label=\"Agrandir\" data-wp-init=\"callbacks.initTriggerButton\" data-wp-on-async--click=\"actions.showLightbox\" data-wp-style--right=\"state.imageButtonRight\" data-wp-style--top=\"state.imageButtonTop\">\n\t\t\t<svg xmlns=\"http:\/\/www.w3.org\/2000\/svg\" width=\"12\" height=\"12\" fill=\"none\" viewbox=\"0 0 12 12\">\n\t\t\t\t<path fill=\"#fff\" d=\"M2 0a2 2 0 0 0-2 2v2h1.5V2a.5.5 0 0 1 .5-.5h2V0H2Zm2 10.5H2a.5.5 0 0 1-.5-.5V8H0v2a2 2 0 0 0 2 2h2v-1.5ZM8 12v-1.5h2a.5.5 0 0 0 .5-.5V8H12v2a2 2 0 0 1-2 2H8Zm2-12a2 2 0 0 1 2 2v2h-1.5V2a.5.5 0 0 0-.5-.5H8V0h2Z\"><\/path>\n\t\t\t<\/svg>\n\t\t<\/button><\/figure><\/div><p>Parmi diff&eacute;rentes initiatives qui rendraient selon les salari&eacute;s le vendredi plus attrayant au bureau, la possibilit&eacute; de partir plus t&ocirc;t arrive tr&egrave;s largement en t&ecirc;te des propositions. 37% des r&eacute;pondants adh&egrave;rent &agrave; cette id&eacute;e, notamment les femmes qui sont 41% &agrave; y souscrire afin de r&eacute;pondre aux contraintes familiales et domestiques qui restent, comme le montrent r&eacute;guli&egrave;rement les &eacute;tudes sur le sujet, majoritairement &agrave; leur charge. <\/p><p><strong>Partir plus t&ocirc;t est &eacute;galement pl&eacute;biscit&eacute; par les plus de 50 ans (40% y sont favorables), contrairement aux 18-24 nettement moins int&eacute;ress&eacute;s par cette solution (23%). <\/strong>Ces derniers privil&eacute;gient, bien plus que les autres tranches d&rsquo;&acirc;ge, le renforcement des liens entre coll&egrave;gues avec l&rsquo;organisation de petits-d&eacute;jeuners et d&eacute;jeuner d&rsquo;&eacute;quipe (35% contre 23% chez les 25-34 ans par exemple).<\/p><h2 class=\"wp-block-heading\" id=\"h-semaine-en-4-jours-exit-le-vendredi\"><strong>Semaine en 4 jours : exit le vendredi<\/strong><\/h2><div class=\"wp-block-image\">\n<figure data-wp-context='{\"imageId\":\"69efe63ddc430\"}' data-wp-interactive=\"core\/image\" class=\"aligncenter size-large wp-lightbox-container\"><img decoding=\"async\" width=\"1024\" height=\"544\" data-wp-class--hide=\"state.isContentHidden\" data-wp-class--show=\"state.isContentVisible\" data-wp-init=\"callbacks.setButtonStyles\" data-wp-on-async--click=\"actions.showLightbox\" data-wp-on-async--load=\"callbacks.setButtonStyles\" data-wp-on-async-window--resize=\"callbacks.setButtonStyles\" src=\"https:\/\/imagedelivery.net\/LqiWLm-3MGbYHtFuUbcBtA\/wp-content\/uploads\/sites\/46\/2024\/09\/8-FLASHS-study-for-HOSTINGER.fr_.png\/public\" alt=\"Infographie montrant que 46% des salari&eacute;s pr&eacute;f&egrave;reraient ne pas travailler le vendredi dans une semaine de quatre jours\" class=\"wp-image-34537\" srcset=\"https:\/\/imagedelivery.net\/LqiWLm-3MGbYHtFuUbcBtA\/wp-content\/uploads\/sites\/46\/2024\/09\/8-FLASHS-study-for-HOSTINGER.fr_.png\/w=1024,fit=scale-down 1024w, https:\/\/imagedelivery.net\/LqiWLm-3MGbYHtFuUbcBtA\/wp-content\/uploads\/sites\/46\/2024\/09\/8-FLASHS-study-for-HOSTINGER.fr_.png\/w=300,fit=scale-down 300w, https:\/\/imagedelivery.net\/LqiWLm-3MGbYHtFuUbcBtA\/wp-content\/uploads\/sites\/46\/2024\/09\/8-FLASHS-study-for-HOSTINGER.fr_.png\/w=150,fit=scale-down 150w, https:\/\/imagedelivery.net\/LqiWLm-3MGbYHtFuUbcBtA\/wp-content\/uploads\/sites\/46\/2024\/09\/8-FLASHS-study-for-HOSTINGER.fr_.png\/w=768,fit=scale-down 768w\" sizes=\"(max-width: 1024px) 100vw, 1024px\" \/><button class=\"lightbox-trigger\" type=\"button\" aria-haspopup=\"dialog\" aria-label=\"Agrandir\" data-wp-init=\"callbacks.initTriggerButton\" data-wp-on-async--click=\"actions.showLightbox\" data-wp-style--right=\"state.imageButtonRight\" data-wp-style--top=\"state.imageButtonTop\">\n\t\t\t<svg xmlns=\"http:\/\/www.w3.org\/2000\/svg\" width=\"12\" height=\"12\" fill=\"none\" viewbox=\"0 0 12 12\">\n\t\t\t\t<path fill=\"#fff\" d=\"M2 0a2 2 0 0 0-2 2v2h1.5V2a.5.5 0 0 1 .5-.5h2V0H2Zm2 10.5H2a.5.5 0 0 1-.5-.5V8H0v2a2 2 0 0 0 2 2h2v-1.5ZM8 12v-1.5h2a.5.5 0 0 0 .5-.5V8H12v2a2 2 0 0 1-2 2H8Zm2-12a2 2 0 0 1 2 2v2h-1.5V2a.5.5 0 0 0-.5-.5H8V0h2Z\"><\/path>\n\t\t\t<\/svg>\n\t\t<\/button><\/figure><\/div><p>Imaginons que la semaine en quatre jours soit mise en &oelig;uvre dans votre entreprise. Quel jour pr&eacute;f&eacute;reriez-vous ne pas travailler ? Pour les 1 000 salari&eacute;s interrog&eacute;s dans notre &eacute;tude, la r&eacute;ponse est claire et nette :<strong> 46% choisissent le vendredi avant les autres jours afin de b&eacute;n&eacute;ficier d&egrave;s la fin de semaine d&rsquo;un week-end de trois jours<\/strong>. Plut&ocirc;t que d&rsquo;avancer le week-end, 27% optent pour le prolonger en ne travaillant pas le lundi, tandis que le mercredi arrive en troisi&egrave;me position avec 21% des suffrages. <\/p><p>En la mati&egrave;re, les r&eacute;ponses varient peu selon le genre des r&eacute;pondants, les femmes &eacute;tant l&eacute;g&egrave;rement plus nombreuses que les hommes &agrave; dire qu&rsquo;elles ne travailleraient pas le mercredi (23% contre 19%) si cela leur &eacute;tait possible. Le mardi (4%) et le jeudi (2%) ne pr&eacute;sentent gu&egrave;re d&rsquo;int&eacute;r&ecirc;t et sont pour leur part quasiment ignor&eacute;s.&nbsp;<\/p><h2 class=\"wp-block-heading\" id=\"h-le-point-de-vue-des-dirigeants\"><strong>Le point de vue des dirigeants<\/strong><\/h2><p>&Eacute;galement interrog&eacute;s sur leur vision du vendredi au travail, les dirigeants d&rsquo;entreprise fournissent des r&eacute;ponses qu&rsquo;il est int&eacute;ressant de comparer &agrave; celles des salari&eacute;s.<\/p><p><strong>Une pr&eacute;sence plus forte au bureau le vendredi. <\/strong>92% des chefs d&rsquo;entreprise indiquent se rendre au bureau le vendredi contre 86% des salari&eacute;s. Mais ils sont moins nombreux &agrave; dire qu&rsquo;ils y vont syst&eacute;matiquement (42% contre 51%).<\/p><p><strong>D&eacute;tente<\/strong>. Pour 61% des dirigeants, le vendredi est un jour plus d&eacute;tendu que les autres. C&rsquo;est 11 points de plus que les salari&eacute;s (50% ont ce sentiment).<\/p><p><strong>T&acirc;ches report&eacute;es<\/strong>. Les dirigeants sont nettement plus nombreux que les salari&eacute;s &agrave; dire qu&rsquo;ils ont d&eacute;j&agrave; report&eacute; au lundi des t&acirc;ches qu&rsquo;ils auraient pu effectuer le vendredi. C&rsquo;est le cas de plus de 8 sur 10 (81%) contre 67% parmi les salari&eacute;s.<\/p><p><strong>Arr&ecirc;ts maladie<\/strong>. 18% des salari&eacute;s admettent avoir d&eacute;j&agrave; pos&eacute; un arr&ecirc;t maladie sans &ecirc;tre souffrants un vendredi. De leur c&ocirc;t&eacute;, 48% des dirigeants estiment qu&rsquo;il y a plus d&rsquo;arr&ecirc;ts maladie dans leur entreprise le vendredi que les autres jours.<\/p><p><strong>Des vendredis plus attractifs<\/strong>. 67% des dirigeants indiquent qu&rsquo;ils ont consult&eacute; leurs salari&eacute;s sur leurs pr&eacute;f&eacute;rences dans l&rsquo;organisation des vendredis. Un chiffre &agrave; rapprocher des 69% des salari&eacute;s qui consid&egrave;rent que leurs attentes en la mati&egrave;re sont &ndash; plus ou moins &ndash; prises en compte par leur hi&eacute;rarchie.<\/p><p><strong><em>&Eacute;tude r&eacute;alis&eacute;e par FLASHS pour Hostinger.fr du 23 au 29 ao&ucirc;t 2024 aupr&egrave;s d&rsquo;un double panel Selvitys de 1 000 salari&eacute;s et de 1 000 dirigeants d&rsquo;entreprise de plus 18 ans, repr&eacute;sentatif de la population des salari&eacute;s et dirigeants fran&ccedil;ais.<\/em><\/strong><\/p>\n","protected":false},"excerpt":{"rendered":"<p>&laquo; Comment &ccedil;a va ? &raquo;&nbsp; &laquo; Comme un vendredi ! &raquo; Chaque fin de semaine au bureau, ce court dialogue ouvre la journ&eacute;e de millions de salari&eacute;s. Ces quelques mots en disent long sur le plaisir, voire le soulagement, d&rsquo;apercevoir le week-end, synonyme pour la plupart de d&eacute;tente, de repos et de libert&eacute;.&nbsp;&nbsp; &Agrave; [&#8230;]<\/p>\n<p><a class=\"btn btn-secondary understrap-read-more-link\" href=\"\/fr\/tutoriels\/salaries-et-vendredi-au-travail\">Read More&#8230;<\/a><\/p>\n","protected":false},"author":355,"featured_media":0,"comment_status":"open","ping_status":"open","sticky":false,"template":"","format":"standard","meta":{"rank_math_title":"Les salari\u00e9s et le vendredi au travail : c\u2019est d\u00e9j\u00e0 le week-end ?","rank_math_description":"D\u00e9couvrez comment les salari\u00e9s per\u00e7oivent le vendredi au bureau \u00e0 l'\u00e8re du t\u00e9l\u00e9travail et de la semaine de quatre jours.","rank_math_focus_keyword":"salari\u00e9s et vendredi au travail","footnotes":""},"categories":[5816],"tags":[],"class_list":["post-34527","post","type-post","status-publish","format-standard","hentry","category-hostinger"],"hreflangs":[],"_links":{"self":[{"href":"https:\/\/www.hostinger.com\/fr\/tutoriels\/wp-json\/wp\/v2\/posts\/34527","targetHints":{"allow":["GET"]}}],"collection":[{"href":"https:\/\/www.hostinger.com\/fr\/tutoriels\/wp-json\/wp\/v2\/posts"}],"about":[{"href":"https:\/\/www.hostinger.com\/fr\/tutoriels\/wp-json\/wp\/v2\/types\/post"}],"author":[{"embeddable":true,"href":"https:\/\/www.hostinger.com\/fr\/tutoriels\/wp-json\/wp\/v2\/users\/355"}],"replies":[{"embeddable":true,"href":"https:\/\/www.hostinger.com\/fr\/tutoriels\/wp-json\/wp\/v2\/comments?post=34527"}],"version-history":[{"count":9,"href":"https:\/\/www.hostinger.com\/fr\/tutoriels\/wp-json\/wp\/v2\/posts\/34527\/revisions"}],"predecessor-version":[{"id":35922,"href":"https:\/\/www.hostinger.com\/fr\/tutoriels\/wp-json\/wp\/v2\/posts\/34527\/revisions\/35922"}],"wp:attachment":[{"href":"https:\/\/www.hostinger.com\/fr\/tutoriels\/wp-json\/wp\/v2\/media?parent=34527"}],"wp:term":[{"taxonomy":"category","embeddable":true,"href":"https:\/\/www.hostinger.com\/fr\/tutoriels\/wp-json\/wp\/v2\/categories?post=34527"},{"taxonomy":"post_tag","embeddable":true,"href":"https:\/\/www.hostinger.com\/fr\/tutoriels\/wp-json\/wp\/v2\/tags?post=34527"}],"curies":[{"name":"wp","href":"https:\/\/api.w.org\/{rel}","templated":true}]}}